{"id":149,"date":"2023-11-20T17:00:28","date_gmt":"2023-11-20T17:00:28","guid":{"rendered":"http:\/\/mupuc.de\/?p=149"},"modified":"2025-12-23T17:28:51","modified_gmt":"2025-12-23T16:28:51","slug":"weitere-beitraege-und-artikel-von-und-mit-andreas-mueller","status":"publish","type":"post","link":"https:\/\/mupuc.de\/en\/weitere-beitraege-und-artikel-von-und-mit-andreas-mueller","title":{"rendered":"Sechs Beitr\u00e4ge und Artikel von und mit Andreas Mueller"},"content":{"rendered":"[et_pb_section fb_built=&#8220;1&#8243; _builder_version=&#8220;4.23.1&#8243; _module_preset=&#8220;default&#8220; background_color=&#8220;rgba(10,4,0,0.05)&#8220; box_shadow_style=&#8220;preset5&#8243; box_shadow_blur=&#8220;21px&#8220; global_colors_info=&#8220;{}&#8220;][et_pb_row _builder_version=&#8220;4.23.1&#8243; _module_preset=&#8220;default&#8220; global_colors_info=&#8220;{}&#8220;][et_pb_column type=&#8220;4_4&#8243; _builder_version=&#8220;4.23.1&#8243; _module_preset=&#8220;default&#8220; global_colors_info=&#8220;{}&#8220;][et_pb_text _builder_version=&#8220;4.23.1&#8243; _module_preset=&#8220;default&#8220; hover_enabled=&#8220;0&#8243; global_colors_info=&#8220;{}&#8220; sticky_enabled=&#8220;0&#8243;]<section data-id=\"aaca39f\" data-element_type=\"section\" data-settings=\"{&quot;background_background&quot;:&quot;classic&quot;}\">\n<div>\n<div data-id=\"37969c4\" data-element_type=\"column\">\n<div>\n<section data-id=\"6ff8d33\" data-element_type=\"section\">\n<div>\n<div data-id=\"bf94b24\" data-element_type=\"column\">\n<div>\n<div data-id=\"a645504\" data-element_type=\"widget\" data-widget_type=\"text-editor.default\">\n<div>\n<p><strong><\/strong><\/p>\n<p><strong>Die Deutsche Wirtschaft.<\/strong><\/p>\n<p><strong>In der Gruppe der Firmeninhaber, Gesch\u00e4ftsf\u00fchrer und Vorst\u00e4nde der wichtigsten deutschen Unternehmen ist Andreas M\u00fcller (ehm. Gesch\u00e4ftsf\u00fchrer der Aras Software) gelistet.<\/strong><\/p>\n<p>Das \u00fcbergreifende Ziel des DDW-Researchdienstes ist es, aus den Millionen von Gewerbebetrieben in Deutschland sowie der Vielzahl verf\u00fcgbarer kommerzieller Datenbankangebote die f\u00fcr den B2B-Bereich wirklich relevanten Marktakteure zu filtern. Die Aufnahme in die Rankings erfolgt rein redaktionell und auf neutraler Datenbasis.<a href=\"https:\/\/die-deutsche-wirtschaft.de\/inv_unternehmen\/mueller-andreas-aras-software-gmbh-groebenzell-gf\/\" target=\"_blank\" rel=\"noopener\"><\/a><\/p>\n<p><a href=\"https:\/\/die-deutsche-wirtschaft.de\/inv_unternehmen\/mueller-andreas-aras-software-gmbh-groebenzell-gf\/\" target=\"_blank\" rel=\"noopener\"><span class=\"elementor-button-content-wrapper\" style=\"box-sizing: border-box; display: flex; justify-content: center; text-decoration: inherit;\"><span class=\"elementor-button-text\" style=\"box-sizing: border-box; flex-grow: 1; order: 10; display: inline-block; text-decoration: inherit;\">HIER GEHT ES ZUM ARTIKEL DER DDW<\/span><\/span><\/a><\/p>\n<p style=\"text-align: center;\">\u00a0_____________________________________________________________________________________________<\/p>\n<p>&nbsp;<\/p>\n<\/div>\n<\/div>\n<\/div>\n<\/div>\n<\/div>\n<\/section>\n<\/div>\n<\/div>\n<\/div>\n<\/section>\n<section data-id=\"d87315c\" data-element_type=\"section\">\n<div>\n<div data-id=\"512f1ad\" data-element_type=\"column\">\n<div>\n<section data-id=\"49d9913\" data-element_type=\"section\">\n<div>\n<div data-id=\"90432cd\" data-element_type=\"column\">\n<div>\n<div data-id=\"2567307\" data-element_type=\"widget\" data-widget_type=\"image.default\">\n<div><a href=\"https:\/\/www.industry-of-things.de\/systems-engineering-als-fundament-fuer-den-digital-twin-a-c3118fcd7bd219c31ac9dd1f4c7aac5c\/\" target=\"_blank\" rel=\"noopener\"><img fetchpriority=\"high\" decoding=\"async\" width=\"640\" height=\"360\" src=\"https:\/\/mupc.de\/wp-content\/uploads\/2023\/07\/A1.webp\" alt=\"\" srcset=\"https:\/\/mupc.de\/wp-content\/uploads\/2023\/07\/A1.webp 640w, https:\/\/mupc.de\/wp-content\/uploads\/2023\/07\/A1-300x169.webp 300w\" sizes=\"(max-width: 640px) 100vw, 640px\" \/><\/a><\/div>\n<\/div>\n<\/div>\n<\/div>\n<div data-id=\"c5c8fe1\" data-element_type=\"column\">\n<div>\n<div data-id=\"17f6f76\" data-element_type=\"widget\" data-widget_type=\"text-editor.default\">\n<div>\n<header>\n<h3><a href=\"https:\/\/www.industry-of-things.de\/systems-engineering-als-fundament-fuer-den-digital-twin-a-c3118fcd7bd219c31ac9dd1f4c7aac5c\/\">Digitale Transformation<\/a><\/h3>\n<h3><a href=\"https:\/\/www.industry-of-things.de\/systems-engineering-als-fundament-fuer-den-digital-twin-a-c3118fcd7bd219c31ac9dd1f4c7aac5c\/\">Systems Engineering als Fundament f\u00fcr den Digital Twin<\/a><\/h3>\n<\/header>\n<p>Um auch gro\u00dfe, komplexe Projekte beherrschbar zu machen, ben\u00f6tigen Unternehmen zunehmend eine ganzheitliche Denkweise und ein Verst\u00e4ndnis daf\u00fcr, wie G\u00fcter und Dienstleistungen im Kontext gr\u00f6\u00dferer Systeme interagieren. Systems Engineering bildet damit den idealen Rahmen f\u00fcr die Erstellung eines digitalen Zwillings.<\/p>\n<p><a href=\"https:\/\/www.industry-of-things.de\/systems-engineering-als-fundament-fuer-den-digital-twin-a-c3118fcd7bd219c31ac9dd1f4c7aac5c\/\" target=\"_blank\" rel=\"noopener\">Systems Engineering als Fundament f\u00fcr den Digital Twin (industry-of-things.de)<\/a><a href=\"https:\/\/www.industry-of-things.de\/systems-engineering-als-fundament-fuer-den-digital-twin-a-c3118fcd7bd219c31ac9dd1f4c7aac5c\/\"><\/a><\/p>\n<p>&nbsp;<\/p>\n<\/div>\n<\/div>\n<\/div>\n<\/div>\n<\/div>\n<\/section>\n<section data-id=\"a734124\" data-element_type=\"section\">\n<div>\n<div data-id=\"2a6fe68\" data-element_type=\"column\">\n<div>\n<div data-id=\"9bfd76e\" data-element_type=\"widget\" data-widget_type=\"image.default\">\n<div><a href=\"https:\/\/www.industry-of-things.de\/plm-trends-2022-systeme-kreislaeufe-und-noch-mehr-tempo-a-7317b31a31184fb518d0e94e2021f1b6\/\" target=\"_blank\" rel=\"noopener\"><img loading=\"lazy\" decoding=\"async\" width=\"640\" height=\"360\" src=\"https:\/\/mupc.de\/wp-content\/uploads\/2023\/07\/A2.webp\" alt=\"\" srcset=\"https:\/\/mupc.de\/wp-content\/uploads\/2023\/07\/A2.webp 640w, https:\/\/mupc.de\/wp-content\/uploads\/2023\/07\/A2-300x169.webp 300w\" sizes=\"auto, (max-width: 640px) 100vw, 640px\" \/><\/a><\/div>\n<\/div>\n<\/div>\n<\/div>\n<div data-id=\"2440775\" data-element_type=\"column\">\n<div>\n<div data-id=\"39432f0\" data-element_type=\"widget\" data-widget_type=\"text-editor.default\">\n<div>\n<header>\n<h3><a href=\"https:\/\/www.industry-of-things.de\/plm-trends-2022-systeme-kreislaeufe-und-noch-mehr-tempo-a-7317b31a31184fb518d0e94e2021f1b6\/\">Product Lifecycle Management<\/a><\/h3>\n<h3><a href=\"https:\/\/www.industry-of-things.de\/plm-trends-2022-systeme-kreislaeufe-und-noch-mehr-tempo-a-7317b31a31184fb518d0e94e2021f1b6\/\">PLM-Trends 2022: Systeme, Kreisl\u00e4ufe und noch mehr Tempo<\/a><\/h3>\n<\/header>\n<p>Das Product Lifecycle Management ist wichtig, um den Lebenszyklus eines Produkts zu dokumentieren. Im Zuge der Digitalisierung verschmelzen ehemals gezogene Grenzen zu ERP- und anderen zentralen Unternehmensanwendungen zunehmend. Auf welche Entwicklungen gilt es hier zu achten?<\/p>\n<p><a href=\"https:\/\/www.industry-of-things.de\/plm-trends-2022-systeme-kreislaeufe-und-noch-mehr-tempo-a-7317b31a31184fb518d0e94e2021f1b6\/\">&#8211; <\/a><a href=\"https:\/\/www.industry-of-things.de\/plm-trends-2022-systeme-kreislaeufe-und-noch-mehr-tempo-a-7317b31a31184fb518d0e94e2021f1b6\/\">PLM-Trends 2022: Systeme, Kreisl\u00e4ufe und noch mehr Tempo (industry-of-things.de)<\/a><a href=\"https:\/\/www.industry-of-things.de\/plm-trends-2022-systeme-kreislaeufe-und-noch-mehr-tempo-a-7317b31a31184fb518d0e94e2021f1b6\/\"><br \/><\/a><\/p>\n<p>&nbsp;<\/p>\n<\/div>\n<\/div>\n<\/div>\n<\/div>\n<\/div>\n<\/section>\n<section data-id=\"1141a34\" data-element_type=\"section\">\n<div>\n<div data-id=\"ef275e6\" data-element_type=\"column\">\n<div>\n<div data-id=\"3cc8969\" data-element_type=\"widget\" data-widget_type=\"image.default\">\n<div><a href=\"https:\/\/www.industry-of-things.de\/mit-digitalen-plm-plattformen-die-krisen-der-zukunft-bestehen-a-ad569781c3a4ac926ff6cf0236a38e42\/\" target=\"_blank\" rel=\"noopener\"><img loading=\"lazy\" decoding=\"async\" width=\"640\" height=\"360\" src=\"https:\/\/mupc.de\/wp-content\/uploads\/2023\/07\/A3.webp\" alt=\"\" srcset=\"https:\/\/mupc.de\/wp-content\/uploads\/2023\/07\/A3.webp 640w, https:\/\/mupc.de\/wp-content\/uploads\/2023\/07\/A3-300x169.webp 300w\" sizes=\"auto, (max-width: 640px) 100vw, 640px\" \/><\/a><\/div>\n<\/div>\n<\/div>\n<\/div>\n<div data-id=\"1a8e9e1\" data-element_type=\"column\">\n<div>\n<div data-id=\"15d868e\" data-element_type=\"widget\" data-widget_type=\"text-editor.default\">\n<div>\n<header>\n<h3><a href=\"https:\/\/www.industry-of-things.de\/mit-digitalen-plm-plattformen-die-krisen-der-zukunft-bestehen-a-ad569781c3a4ac926ff6cf0236a38e42\/\">Flexible Logistik<\/a><\/h3>\n<h3><a href=\"https:\/\/www.industry-of-things.de\/mit-digitalen-plm-plattformen-die-krisen-der-zukunft-bestehen-a-ad569781c3a4ac926ff6cf0236a38e42\/\">Mit digitalen PLM-Plattformen die Krisen der Zukunft bestehen<\/a><\/h3>\n<\/header>\n<p>Der durch die Corona-Pandemie bedingte Zusammenbruch von Lieferketten verdeutlichte deren Fragilit\u00e4t in schockierender Deutlichkeit. Doch k\u00f6nnen Unternehmen hieraus auch lernen. Auf diese vier Punkte sollten sie dabei besonders achten.<\/p>\n<p><a href=\"https:\/\/www.industry-of-things.de\/mit-digitalen-plm-plattformen-die-krisen-der-zukunft-bestehen-a-ad569781c3a4ac926ff6cf0236a38e42\/\">Mit digitalen PLM-Plattformen die Krisen der Zukunft bestehen (industry-of-things.de)<\/a><\/p>\n<p>&nbsp;<\/p>\n<\/div>\n<\/div>\n<\/div>\n<\/div>\n<\/div>\n<\/section>\n<section data-id=\"b9fbc25\" data-element_type=\"section\">\n<div>\n<div data-id=\"aa9f928\" data-element_type=\"column\">\n<div>\n<div data-id=\"5aabf1e\" data-element_type=\"widget\" data-widget_type=\"image.default\">\n<div><a href=\"https:\/\/www.industry-of-things.de\/digital-thread-den-gesamten-produktlebenszyklus-nachvollziehbar-gestalten-a-891485\/\" target=\"_blank\" rel=\"noopener\"><img loading=\"lazy\" decoding=\"async\" width=\"640\" height=\"360\" src=\"https:\/\/mupc.de\/wp-content\/uploads\/2023\/07\/A4.webp\" alt=\"\" srcset=\"https:\/\/mupc.de\/wp-content\/uploads\/2023\/07\/A4.webp 640w, https:\/\/mupc.de\/wp-content\/uploads\/2023\/07\/A4-300x169.webp 300w\" sizes=\"auto, (max-width: 640px) 100vw, 640px\" \/><\/a><\/div>\n<\/div>\n<\/div>\n<\/div>\n<div data-id=\"e849e1c\" data-element_type=\"column\">\n<div>\n<div data-id=\"7a5cc2c\" data-element_type=\"widget\" data-widget_type=\"text-editor.default\">\n<div>\n<header>\n<h3><a href=\"https:\/\/www.industry-of-things.de\/digital-thread-den-gesamten-produktlebenszyklus-nachvollziehbar-gestalten-a-891485\/\">Datenmanagement<\/a><\/h3>\n<h3><a href=\"https:\/\/www.industry-of-things.de\/digital-thread-den-gesamten-produktlebenszyklus-nachvollziehbar-gestalten-a-891485\/\">Digital Thread: Den gesamten Produktlebenszyklus nachvollziehbar gestalten<\/a><\/h3>\n<\/header>\n<p>Der Digital-Thread als Teil der Unternehmensstrategie hilft beim flexiblen Reagieren auf Kundenw\u00fcnsche und der Umsetzung innovativer Strategien. Welche Vorteile hat das Konzept und wie kombiniert man es richtig?<\/p>\n<p>&nbsp;<\/p>\n<p><a href=\"https:\/\/www.industry-of-things.de\/digital-thread-den-gesamten-produktlebenszyklus-nachvollziehbar-gestalten-a-891485\/\">Digital Thread: Den gesamten Produktlebenszyklus nachvollziehbar gestalten (industry-of-things.de)<\/a><\/p>\n<p>&nbsp;<\/p>\n<p>&nbsp;<\/p>\n<\/div>\n<\/div>\n<\/div>\n<\/div>\n<\/div>\n<\/section>\n<section data-id=\"0b46407\" data-element_type=\"section\">\n<div>\n<div data-id=\"6fcd313\" data-element_type=\"column\">\n<div>\n<div data-id=\"8860e77\" data-element_type=\"widget\" data-widget_type=\"image.default\">\n<div><a href=\"https:\/\/industrie.de\/industrie-4-0\/aras-software-studie-industrie-unternehmen-daten-erheben-nutzen\/\" target=\"_blank\" rel=\"noopener\"><img loading=\"lazy\" decoding=\"async\" width=\"1024\" height=\"621\" src=\"https:\/\/mupc.de\/wp-content\/uploads\/2023\/07\/A5-1024x621.jpg\" alt=\"\" srcset=\"https:\/\/mupc.de\/wp-content\/uploads\/2023\/07\/A5-1024x621.jpg 1024w, https:\/\/mupc.de\/wp-content\/uploads\/2023\/07\/A5-300x182.jpg 300w, https:\/\/mupc.de\/wp-content\/uploads\/2023\/07\/A5-768x466.jpg 768w, https:\/\/mupc.de\/wp-content\/uploads\/2023\/07\/A5.jpg 1246w\" sizes=\"auto, (max-width: 1024px) 100vw, 1024px\" \/><\/a><\/div>\n<\/div>\n<\/div>\n<\/div>\n<div data-id=\"a9eb9ea\" data-element_type=\"column\">\n<div>\n<div data-id=\"617dcda\" data-element_type=\"widget\" data-widget_type=\"text-editor.default\">\n<div>\n<h3 id=\"subline\"><span id=\"headline\">Daten nicht nur sammeln, sondern nutzen<\/span><\/h3>\n<div>\u00a0Laut der aktuellen Studie \u201eVon Nachhaltigkeit bis Digitalisierung: Challenges 2022\u201c sind sich Deutschlands Unternehmen ihrer Datensch\u00e4tze zwar bewusst, schaffen es aber nicht, diese auch zu heben.<\/div>\n<div><\/div>\n<div><a href=\"https:\/\/industrie.de\/industrie-4-0\/aras-software-studie-industrie-unternehmen-daten-erheben-nutzen\/\">Unternehmen nutzen Potenzial ihrer Daten nicht aus (industrie.de)<\/a><\/div>\n<div><\/div>\n<div><\/div>\n<div><\/div>\n<div><\/div>\n<div><\/div>\n<\/div>\n<\/div>\n<\/div>\n<\/div>\n<\/div>\n<\/section>\n<section data-id=\"bc61fb2\" data-element_type=\"section\">\n<div>\n<div data-id=\"f99b4f3\" data-element_type=\"column\">\n<div>\n<div data-id=\"93a5df6\" data-element_type=\"widget\" data-widget_type=\"image.default\"><\/div>\n<\/div>\n<\/div>\n<div data-id=\"b9336ee\" data-element_type=\"column\">\n<div>\n<div data-id=\"ecbe671\" data-element_type=\"widget\" data-widget_type=\"text-editor.default\">\n<div>\n<p>&nbsp;<\/p>\n<\/div>\n<\/div>\n<\/div>\n<\/div>\n<\/div>\n<\/section>\n<\/div>\n<\/div>\n<\/div>\n<\/section>[\/et_pb_text][\/et_pb_column][\/et_pb_row][\/et_pb_section]","protected":false},"excerpt":{"rendered":"<p>Die Deutsche Wirtschaft. In der Gruppe der Firmeninhaber, Gesch\u00e4ftsf\u00fchrer und Vorst\u00e4nde der wichtigsten deutschen Unternehmen ist Andreas M\u00fcller (ehm. Gesch\u00e4ftsf\u00fchrer der Aras Software) gelistet. Das \u00fcbergreifende Ziel des DDW-Researchdienstes ist es, aus den Millionen von Gewerbebetrieben in Deutschland sowie der Vielzahl verf\u00fcgbarer kommerzieller Datenbankangebote die f\u00fcr den B2B-Bereich wirklich relevanten Marktakteure zu filtern. Die Aufnahme [&hellip;]<\/p>","protected":false},"author":1,"featured_media":0,"comment_status":"open","ping_status":"open","sticky":false,"template":"","format":"standard","meta":{"_et_pb_use_builder":"on","_et_pb_old_content":"","_et_gb_content_width":"","footnotes":""},"categories":[12],"tags":[],"class_list":["post-149","post","type-post","status-publish","format-standard","hentry","category-germanblog"],"_links":{"self":[{"href":"https:\/\/mupuc.de\/en\/wp-json\/wp\/v2\/posts\/149","targetHints":{"allow":["GET"]}}],"collection":[{"href":"https:\/\/mupuc.de\/en\/wp-json\/wp\/v2\/posts"}],"about":[{"href":"https:\/\/mupuc.de\/en\/wp-json\/wp\/v2\/types\/post"}],"author":[{"embeddable":true,"href":"https:\/\/mupuc.de\/en\/wp-json\/wp\/v2\/users\/1"}],"replies":[{"embeddable":true,"href":"https:\/\/mupuc.de\/en\/wp-json\/wp\/v2\/comments?post=149"}],"version-history":[{"count":7,"href":"https:\/\/mupuc.de\/en\/wp-json\/wp\/v2\/posts\/149\/revisions"}],"predecessor-version":[{"id":160,"href":"https:\/\/mupuc.de\/en\/wp-json\/wp\/v2\/posts\/149\/revisions\/160"}],"wp:attachment":[{"href":"https:\/\/mupuc.de\/en\/wp-json\/wp\/v2\/media?parent=149"}],"wp:term":[{"taxonomy":"category","embeddable":true,"href":"https:\/\/mupuc.de\/en\/wp-json\/wp\/v2\/categories?post=149"},{"taxonomy":"post_tag","embeddable":true,"href":"https:\/\/mupuc.de\/en\/wp-json\/wp\/v2\/tags?post=149"}],"curies":[{"name":"wp","href":"https:\/\/api.w.org\/{rel}","templated":true}]}}