{"id":143,"date":"2023-11-20T16:55:59","date_gmt":"2023-11-20T16:55:59","guid":{"rendered":"http:\/\/mupuc.de\/?p=143"},"modified":"2025-12-23T17:29:00","modified_gmt":"2025-12-23T16:29:00","slug":"nein-sagen-muss-man-lernen","status":"publish","type":"post","link":"https:\/\/mupuc.de\/en\/nein-sagen-muss-man-lernen","title":{"rendered":"Nein sagen muss man lernen"},"content":{"rendered":"<p>[et_pb_section fb_built=&#8220;1&#8243; _builder_version=&#8220;4.23.1&#8243; _module_preset=&#8220;default&#8220; background_color=&#8220;rgba(10,4,0,0.05)&#8220; box_shadow_style=&#8220;preset5&#8243; box_shadow_blur=&#8220;21px&#8220; global_colors_info=&#8220;{}&#8220;][et_pb_row _builder_version=&#8220;4.23.1&#8243; _module_preset=&#8220;default&#8220; global_colors_info=&#8220;{}&#8220;][et_pb_column type=&#8220;4_4&#8243; _builder_version=&#8220;4.23.1&#8243; _module_preset=&#8220;default&#8220; global_colors_info=&#8220;{}&#8220;][et_pb_text _builder_version=&#8220;4.23.1&#8243; _module_preset=&#8220;default&#8220; hover_enabled=&#8220;0&#8243; global_colors_info=&#8220;{}&#8220; sticky_enabled=&#8220;0&#8243;]<\/p>\n<h2>Nein sagen muss man lernen<\/h2>\n<p>In einer Zeit des raschen\u00a0Unternehmenswachstums bewegen wir uns oft an der Belastungsgrenze, und Projekte<br \/>geraten aus den Fugen. Doch wie w\u00e4re es, wenn wir die M\u00f6glichkeit in Betracht\u00a0ziehen, gro\u00dfe Auftr\u00e4ge nicht sofort anzunehmen? Stattdessen k\u00f6nnten wir uns\u00a0darauf konzentrieren, unsere Prozesse, Strukturen und Mitarbeiter entsprechend\u00a0anzupassen. Durch diesen mutigen Ansatz schaffen wir Raum f\u00fcr interne\u00a0Optimierung und legen den Grundstein f\u00fcr langfristigen Erfolg, w\u00e4hrend wir uns\u00a0gleichzeitig auf eine solide Basis f\u00fcr k\u00fcnftiges Wachstum st\u00fctzen.<\/p>\n<p>&nbsp;<\/p>\n<p><img loading=\"lazy\" decoding=\"async\" src=\"http:\/\/mupuc.de\/wp-content\/uploads\/2023\/11\/NO-300x169.png\" width=\"300\" height=\"169\" alt=\"\" class=\"wp-image-147 alignnone size-medium\" \/><\/p>\n<h3>Leichter gesagt als getan!<\/h3>\n<p>Wenn ein Unternehmen bereits an der Grenze seiner Kapazit\u00e4ten arbeitet und zus\u00e4tzliche Auftr\u00e4ge annimmt, ohne die notwendigen Prozesse, Strukturen und Mitarbeiterressourcen anzupassen, kann dies zu einer Reihe von Problemen f\u00fchren.<\/p>\n<p>In jedem Fall ist eine sorgf\u00e4ltige Abw\u00e4gung der Vor- und Nachteile wichtig.<\/p>\n<blockquote>\n<p><strong>\u00a0In der Praxis k\u00f6nnen beide Ans\u00e4tze durchaus miteinander kombiniert werden.<\/strong><\/p>\n<\/blockquote>\n<h4><\/h4>\n<h4><\/h4>\n<p>Unternehmen k\u00f6nnen einerseits darauf achten, gr\u00f6\u00dfere Auftr\u00e4ge strategisch zu akzeptieren, wenn die Ressourcen und Kapazit\u00e4ten ausreichend vorhanden sind und wenn sie zur langfristigen Wachstumsstrategie passen.<\/p>\n<p>Andererseits ist es ebenfalls wichtig, nicht \u00fcberhastet jeden Auftrag anzunehmen, sondern gezielt auf interne Optimierung zu setzen. Dadurch k\u00f6nnen sie effizienter und qualitativ hochwertiger arbeiten, was langfristig zu einem nachhaltigen Wachstum und einer besseren Kundenbindung f\u00fchrt.<\/p>\n<p>&nbsp;<\/p>\n<p>Es ist also eine ausgewogene Herangehensweise erforderlich. Strategisch kluge Auftragsannahmen sollten mit einer internen Optimierung verbunden werden, um die langfristige Leistungsf\u00e4higkeit und Wettbewerbsf\u00e4higkeit des Unternehmens zu st\u00e4rken. Die Kombination beider Ans\u00e4tze kann dazu beitragen, eine solide Grundlage f\u00fcr das Unternehmen zu schaffen, die sowohl kurzfristige als auch langfristige Erfolge unterst\u00fctzt.<\/p>\n<p>[\/et_pb_text][\/et_pb_column][\/et_pb_row][\/et_pb_section]<\/p>","protected":false},"excerpt":{"rendered":"<p>Nein sagen muss man lernen In einer Zeit des raschen\u00a0Unternehmenswachstums bewegen wir uns oft an der Belastungsgrenze, und Projektegeraten aus den Fugen. Doch wie w\u00e4re es, wenn wir die M\u00f6glichkeit in Betracht\u00a0ziehen, gro\u00dfe Auftr\u00e4ge nicht sofort anzunehmen? Stattdessen k\u00f6nnten wir uns\u00a0darauf konzentrieren, unsere Prozesse, Strukturen und Mitarbeiter entsprechend\u00a0anzupassen. Durch diesen mutigen Ansatz schaffen wir Raum [&hellip;]<\/p>","protected":false},"author":1,"featured_media":0,"comment_status":"open","ping_status":"open","sticky":false,"template":"","format":"standard","meta":{"_et_pb_use_builder":"on","_et_pb_old_content":"","_et_gb_content_width":"","footnotes":""},"categories":[12],"tags":[],"class_list":["post-143","post","type-post","status-publish","format-standard","hentry","category-germanblog"],"_links":{"self":[{"href":"https:\/\/mupuc.de\/en\/wp-json\/wp\/v2\/posts\/143","targetHints":{"allow":["GET"]}}],"collection":[{"href":"https:\/\/mupuc.de\/en\/wp-json\/wp\/v2\/posts"}],"about":[{"href":"https:\/\/mupuc.de\/en\/wp-json\/wp\/v2\/types\/post"}],"author":[{"embeddable":true,"href":"https:\/\/mupuc.de\/en\/wp-json\/wp\/v2\/users\/1"}],"replies":[{"embeddable":true,"href":"https:\/\/mupuc.de\/en\/wp-json\/wp\/v2\/comments?post=143"}],"version-history":[{"count":3,"href":"https:\/\/mupuc.de\/en\/wp-json\/wp\/v2\/posts\/143\/revisions"}],"predecessor-version":[{"id":148,"href":"https:\/\/mupuc.de\/en\/wp-json\/wp\/v2\/posts\/143\/revisions\/148"}],"wp:attachment":[{"href":"https:\/\/mupuc.de\/en\/wp-json\/wp\/v2\/media?parent=143"}],"wp:term":[{"taxonomy":"category","embeddable":true,"href":"https:\/\/mupuc.de\/en\/wp-json\/wp\/v2\/categories?post=143"},{"taxonomy":"post_tag","embeddable":true,"href":"https:\/\/mupuc.de\/en\/wp-json\/wp\/v2\/tags?post=143"}],"curies":[{"name":"wp","href":"https:\/\/api.w.org\/{rel}","templated":true}]}}